{"id":1036,"date":"2023-02-05T07:28:12","date_gmt":"2023-02-05T07:28:12","guid":{"rendered":"https:\/\/www.santoselizondo.com\/?p=1036"},"modified":"2023-02-05T07:28:30","modified_gmt":"2023-02-05T07:28:30","slug":"santos-elizondo-reconocido-como-pro-bono-leading-light-2022","status":"publish","type":"post","link":"https:\/\/www.santoselizondo.com\/en\/santos-elizondo-reconocido-como-pro-bono-leading-light-2022\/","title":{"rendered":"Santos Elizondo recognized as a Pro Bono Leading Light 2022"},"content":{"rendered":"<p class=\"translation-block\">We are proud to share that Santos Elizondo has been recognized by Latin Lawyer and The Vance Center as \"Pro Bono Leading Lights 2022\".<\/p>\n\n\n\n<p class=\"translation-block\">This award is given to law firms in Latin America that stand out for their remarkable contribution to the reinforcement of the pro bono culture. In Mexico, only thirteen firms obtained the distinction, including ours.<\/p>\n\n\n\n<p>Among the factors that influenced the selection of firms were the institutionalization of the practice, work performed, firm's pro bono infrastructure, and recognition of lawyers' work.<\/p>\n\n\n\n<p>Pro bono work provides the opportunity for the most vulnerable sectors of society to access legal services of excellence at no cost. This contributes to strengthening the access to justice for Mexicans.&nbsp;<\/p>\n\n\n\n<p>In Santos Elizondo, we seek to contribute to society through our practice and we will continue to encourage these actions in support of the community. We extend our congratulations to all the firms that received this recognition.<\/p>\n\n\n\n<p class=\"translation-block\">Please let us know if you may know of any case, either an individual or a non-governmental organization, that you consider deserves pro bono legal professional services, so that we can contact them and offer our support. For this purpose, you may write to us at mag@santoselizondo.com.<\/p>","protected":false},"excerpt":{"rendered":"<p>Estamos orgullosos de compartir con ustedes que Santos Elizondo ha sido reconocido por Latin Lawyer y The Vance Center como \u201cPro Bono Leading Lights 2022\u201d. Este premio se otorga a firmas de abogados de Am\u00e9rica Latina que destacan por su notable contribuci\u00f3n al fortalecimiento de la cultura pro bono. En M\u00e9xico, \u00fanicamente obtuvieron la distinci\u00f3n [&hellip;]<\/p>","protected":false},"author":7,"featured_media":412,"comment_status":"closed","ping_status":"closed","sticky":false,"template":"","format":"standard","meta":{"_acf_changed":false,"footnotes":""},"categories":[1],"tags":[27,22,24,25,26,21],"class_list":["post-1036","post","type-post","status-publish","format-standard","has-post-thumbnail","hentry","category-sin-categoria","tag-apoyo","tag-bono","tag-comunidad","tag-firma","tag-legal","tag-pro"],"acf":[],"yoast_head":"<!-- This site is optimized with the Yoast SEO plugin v24.8.1 - https:\/\/yoast.com\/wordpress\/plugins\/seo\/ -->\n<title>Santos Elizondo reconocido como Pro Bono Leading Light 2022 - Santos | Elizondo<\/title>\n<meta name=\"description\" content=\"Estamos orgullosos de compartir con ustedes que Santos Elizondo ha sido reconocido por Latin Lawyer y The Vance Center como \u201cPro Bono Leading Lights 2022\u201d.\" \/>\n<meta name=\"robots\" content=\"index, follow, max-snippet:-1, max-image-preview:large, max-video-preview:-1\" \/>\n<link rel=\"canonical\" href=\"https:\/\/www.santoselizondo.com\/en\/santos-elizondo-reconocido-como-pro-bono-leading-light-2022\/\" \/>\n<meta property=\"og:locale\" content=\"en_US\" \/>\n<meta property=\"og:type\" content=\"article\" \/>\n<meta property=\"og:title\" content=\"Santos Elizondo reconocido como Pro Bono Leading Light 2022 - Santos | Elizondo\" \/>\n<meta property=\"og:description\" content=\"Estamos orgullosos de compartir con ustedes que Santos Elizondo ha sido reconocido por Latin Lawyer y The Vance Center como \u201cPro Bono Leading Lights 2022\u201d.\" \/>\n<meta property=\"og:url\" content=\"https:\/\/www.santoselizondo.com\/en\/santos-elizondo-reconocido-como-pro-bono-leading-light-2022\/\" \/>\n<meta property=\"og:site_name\" content=\"Santos | Elizondo\" \/>\n<meta property=\"article:published_time\" content=\"2023-02-05T07:28:12+00:00\" \/>\n<meta property=\"article:modified_time\" content=\"2023-02-05T07:28:30+00:00\" \/>\n<meta property=\"og:image\" content=\"https:\/\/www.santoselizondo.com\/wp-content\/uploads\/2021\/12\/CABG8984us4-1.jpg\" \/>\n\t<meta property=\"og:image:width\" content=\"1366\" \/>\n\t<meta property=\"og:image:height\" content=\"450\" \/>\n\t<meta property=\"og:image:type\" content=\"image\/jpeg\" \/>\n<meta name=\"author\" content=\"Carlos SE\" \/>\n<meta name=\"twitter:card\" content=\"summary_large_image\" \/>\n<meta name=\"twitter:label1\" content=\"Written by\" \/>\n\t<meta name=\"twitter:data1\" content=\"Carlos SE\" \/>\n\t<meta name=\"twitter:label2\" content=\"Est. reading time\" \/>\n\t<meta name=\"twitter:data2\" content=\"2 minutes\" \/>\n<script type=\"application\/ld+json\" class=\"yoast-schema-graph\">{\"@context\":\"https:\/\/schema.org\",\"@graph\":[{\"@type\":\"Article\",\"@id\":\"https:\/\/www.santoselizondo.com\/santos-elizondo-reconocido-como-pro-bono-leading-light-2022\/#article\",\"isPartOf\":{\"@id\":\"https:\/\/www.santoselizondo.com\/santos-elizondo-reconocido-como-pro-bono-leading-light-2022\/\"},\"author\":{\"name\":\"Carlos SE\",\"@id\":\"https:\/\/www.santoselizondo.com\/#\/schema\/person\/90b1bf656e8eadf0d9431d93f0e43d10\"},\"headline\":\"Santos Elizondo reconocido como Pro Bono Leading Light 2022\",\"datePublished\":\"2023-02-05T07:28:12+00:00\",\"dateModified\":\"2023-02-05T07:28:30+00:00\",\"mainEntityOfPage\":{\"@id\":\"https:\/\/www.santoselizondo.com\/santos-elizondo-reconocido-como-pro-bono-leading-light-2022\/\"},\"wordCount\":248,\"publisher\":{\"@id\":\"https:\/\/www.santoselizondo.com\/#organization\"},\"image\":{\"@id\":\"https:\/\/www.santoselizondo.com\/santos-elizondo-reconocido-como-pro-bono-leading-light-2022\/#primaryimage\"},\"thumbnailUrl\":\"https:\/\/www.santoselizondo.com\/wp-content\/uploads\/2021\/12\/CABG8984us4-1.jpg\",\"keywords\":[\"Apoyo\",\"Bono\",\"Comunidad\",\"Firma\",\"Legal\",\"Pro\"],\"articleSection\":[\"Sin categor\u00eda\"],\"inLanguage\":\"en-US\"},{\"@type\":\"WebPage\",\"@id\":\"https:\/\/www.santoselizondo.com\/santos-elizondo-reconocido-como-pro-bono-leading-light-2022\/\",\"url\":\"https:\/\/www.santoselizondo.com\/santos-elizondo-reconocido-como-pro-bono-leading-light-2022\/\",\"name\":\"Santos Elizondo reconocido como Pro Bono Leading Light 2022 - Santos | Elizondo\",\"isPartOf\":{\"@id\":\"https:\/\/www.santoselizondo.com\/#website\"},\"primaryImageOfPage\":{\"@id\":\"https:\/\/www.santoselizondo.com\/santos-elizondo-reconocido-como-pro-bono-leading-light-2022\/#primaryimage\"},\"image\":{\"@id\":\"https:\/\/www.santoselizondo.com\/santos-elizondo-reconocido-como-pro-bono-leading-light-2022\/#primaryimage\"},\"thumbnailUrl\":\"https:\/\/www.santoselizondo.com\/wp-content\/uploads\/2021\/12\/CABG8984us4-1.jpg\",\"datePublished\":\"2023-02-05T07:28:12+00:00\",\"dateModified\":\"2023-02-05T07:28:30+00:00\",\"description\":\"Estamos orgullosos de compartir con ustedes que Santos Elizondo ha sido reconocido por Latin Lawyer y The Vance Center como \u201cPro Bono Leading Lights 2022\u201d.\",\"breadcrumb\":{\"@id\":\"https:\/\/www.santoselizondo.com\/santos-elizondo-reconocido-como-pro-bono-leading-light-2022\/#breadcrumb\"},\"inLanguage\":\"en-US\",\"potentialAction\":[{\"@type\":\"ReadAction\",\"target\":[\"https:\/\/www.santoselizondo.com\/santos-elizondo-reconocido-como-pro-bono-leading-light-2022\/\"]}]},{\"@type\":\"ImageObject\",\"inLanguage\":\"en-US\",\"@id\":\"https:\/\/www.santoselizondo.com\/santos-elizondo-reconocido-como-pro-bono-leading-light-2022\/#primaryimage\",\"url\":\"https:\/\/www.santoselizondo.com\/wp-content\/uploads\/2021\/12\/CABG8984us4-1.jpg\",\"contentUrl\":\"https:\/\/www.santoselizondo.com\/wp-content\/uploads\/2021\/12\/CABG8984us4-1.jpg\",\"width\":1366,\"height\":450},{\"@type\":\"BreadcrumbList\",\"@id\":\"https:\/\/www.santoselizondo.com\/santos-elizondo-reconocido-como-pro-bono-leading-light-2022\/#breadcrumb\",\"itemListElement\":[{\"@type\":\"ListItem\",\"position\":1,\"name\":\"Portada\",\"item\":\"https:\/\/www.santoselizondo.com\/\"},{\"@type\":\"ListItem\",\"position\":2,\"name\":\"Santos Elizondo reconocido como Pro Bono Leading Light 2022\"}]},{\"@type\":\"WebSite\",\"@id\":\"https:\/\/www.santoselizondo.com\/#website\",\"url\":\"https:\/\/www.santoselizondo.com\/\",\"name\":\"Santos | Elizondo\",\"description\":\"En Memoria de Luis Santos\",\"publisher\":{\"@id\":\"https:\/\/www.santoselizondo.com\/#organization\"},\"potentialAction\":[{\"@type\":\"SearchAction\",\"target\":{\"@type\":\"EntryPoint\",\"urlTemplate\":\"https:\/\/www.santoselizondo.com\/?s={search_term_string}\"},\"query-input\":{\"@type\":\"PropertyValueSpecification\",\"valueRequired\":true,\"valueName\":\"search_term_string\"}}],\"inLanguage\":\"en-US\"},{\"@type\":\"Organization\",\"@id\":\"https:\/\/www.santoselizondo.com\/#organization\",\"name\":\"Santos | Elizondo\",\"url\":\"https:\/\/www.santoselizondo.com\/\",\"logo\":{\"@type\":\"ImageObject\",\"inLanguage\":\"en-US\",\"@id\":\"https:\/\/www.santoselizondo.com\/#\/schema\/logo\/image\/\",\"url\":\"https:\/\/www.santoselizondo.com\/wp-content\/uploads\/2022\/06\/Logo_1.svg\",\"contentUrl\":\"https:\/\/www.santoselizondo.com\/wp-content\/uploads\/2022\/06\/Logo_1.svg\",\"width\":356,\"height\":38.127,\"caption\":\"Santos | Elizondo\"},\"image\":{\"@id\":\"https:\/\/www.santoselizondo.com\/#\/schema\/logo\/image\/\"},\"sameAs\":[\"https:\/\/www.linkedin.com\/company\/santos-elizondo-cantu-rivera-gonzalez-de-la-garza-mendoza-s.c.\/\"]},{\"@type\":\"Person\",\"@id\":\"https:\/\/www.santoselizondo.com\/#\/schema\/person\/90b1bf656e8eadf0d9431d93f0e43d10\",\"name\":\"Carlos SE\"}]}<\/script>\n<!-- \/ Yoast SEO plugin. -->","yoast_head_json":{"title":"Santos Elizondo reconocido como Pro Bono Leading Light 2022 - Santos | Elizondo","description":"Estamos orgullosos de compartir con ustedes que Santos Elizondo ha sido reconocido por Latin Lawyer y The Vance Center como \u201cPro Bono Leading Lights 2022\u201d.","robots":{"index":"index","follow":"follow","max-snippet":"max-snippet:-1","max-image-preview":"max-image-preview:large","max-video-preview":"max-video-preview:-1"},"canonical":"https:\/\/www.santoselizondo.com\/en\/santos-elizondo-reconocido-como-pro-bono-leading-light-2022\/","og_locale":"en_US","og_type":"article","og_title":"Santos Elizondo reconocido como Pro Bono Leading Light 2022 - Santos | Elizondo","og_description":"Estamos orgullosos de compartir con ustedes que Santos Elizondo ha sido reconocido por Latin Lawyer y The Vance Center como \u201cPro Bono Leading Lights 2022\u201d.","og_url":"https:\/\/www.santoselizondo.com\/en\/santos-elizondo-reconocido-como-pro-bono-leading-light-2022\/","og_site_name":"Santos | Elizondo","article_published_time":"2023-02-05T07:28:12+00:00","article_modified_time":"2023-02-05T07:28:30+00:00","og_image":[{"width":1366,"height":450,"url":"https:\/\/www.santoselizondo.com\/wp-content\/uploads\/2021\/12\/CABG8984us4-1.jpg","type":"image\/jpeg"}],"author":"Carlos SE","twitter_card":"summary_large_image","twitter_misc":{"Written by":"Carlos SE","Est. reading time":"2 minutes"},"schema":{"@context":"https:\/\/schema.org","@graph":[{"@type":"Article","@id":"https:\/\/www.santoselizondo.com\/santos-elizondo-reconocido-como-pro-bono-leading-light-2022\/#article","isPartOf":{"@id":"https:\/\/www.santoselizondo.com\/santos-elizondo-reconocido-como-pro-bono-leading-light-2022\/"},"author":{"name":"Carlos SE","@id":"https:\/\/www.santoselizondo.com\/#\/schema\/person\/90b1bf656e8eadf0d9431d93f0e43d10"},"headline":"Santos Elizondo reconocido como Pro Bono Leading Light 2022","datePublished":"2023-02-05T07:28:12+00:00","dateModified":"2023-02-05T07:28:30+00:00","mainEntityOfPage":{"@id":"https:\/\/www.santoselizondo.com\/santos-elizondo-reconocido-como-pro-bono-leading-light-2022\/"},"wordCount":248,"publisher":{"@id":"https:\/\/www.santoselizondo.com\/#organization"},"image":{"@id":"https:\/\/www.santoselizondo.com\/santos-elizondo-reconocido-como-pro-bono-leading-light-2022\/#primaryimage"},"thumbnailUrl":"https:\/\/www.santoselizondo.com\/wp-content\/uploads\/2021\/12\/CABG8984us4-1.jpg","keywords":["Apoyo","Bono","Comunidad","Firma","Legal","Pro"],"articleSection":["Sin categor\u00eda"],"inLanguage":"en-US"},{"@type":"WebPage","@id":"https:\/\/www.santoselizondo.com\/santos-elizondo-reconocido-como-pro-bono-leading-light-2022\/","url":"https:\/\/www.santoselizondo.com\/santos-elizondo-reconocido-como-pro-bono-leading-light-2022\/","name":"Santos Elizondo reconocido como Pro Bono Leading Light 2022 - Santos | Elizondo","isPartOf":{"@id":"https:\/\/www.santoselizondo.com\/#website"},"primaryImageOfPage":{"@id":"https:\/\/www.santoselizondo.com\/santos-elizondo-reconocido-como-pro-bono-leading-light-2022\/#primaryimage"},"image":{"@id":"https:\/\/www.santoselizondo.com\/santos-elizondo-reconocido-como-pro-bono-leading-light-2022\/#primaryimage"},"thumbnailUrl":"https:\/\/www.santoselizondo.com\/wp-content\/uploads\/2021\/12\/CABG8984us4-1.jpg","datePublished":"2023-02-05T07:28:12+00:00","dateModified":"2023-02-05T07:28:30+00:00","description":"Estamos orgullosos de compartir con ustedes que Santos Elizondo ha sido reconocido por Latin Lawyer y The Vance Center como \u201cPro Bono Leading Lights 2022\u201d.","breadcrumb":{"@id":"https:\/\/www.santoselizondo.com\/santos-elizondo-reconocido-como-pro-bono-leading-light-2022\/#breadcrumb"},"inLanguage":"en-US","potentialAction":[{"@type":"ReadAction","target":["https:\/\/www.santoselizondo.com\/santos-elizondo-reconocido-como-pro-bono-leading-light-2022\/"]}]},{"@type":"ImageObject","inLanguage":"en-US","@id":"https:\/\/www.santoselizondo.com\/santos-elizondo-reconocido-como-pro-bono-leading-light-2022\/#primaryimage","url":"https:\/\/www.santoselizondo.com\/wp-content\/uploads\/2021\/12\/CABG8984us4-1.jpg","contentUrl":"https:\/\/www.santoselizondo.com\/wp-content\/uploads\/2021\/12\/CABG8984us4-1.jpg","width":1366,"height":450},{"@type":"BreadcrumbList","@id":"https:\/\/www.santoselizondo.com\/santos-elizondo-reconocido-como-pro-bono-leading-light-2022\/#breadcrumb","itemListElement":[{"@type":"ListItem","position":1,"name":"Portada","item":"https:\/\/www.santoselizondo.com\/"},{"@type":"ListItem","position":2,"name":"Santos Elizondo reconocido como Pro Bono Leading Light 2022"}]},{"@type":"WebSite","@id":"https:\/\/www.santoselizondo.com\/#website","url":"https:\/\/www.santoselizondo.com\/","name":"Santos | Elizondo","description":"En Memoria de Luis Santos","publisher":{"@id":"https:\/\/www.santoselizondo.com\/#organization"},"potentialAction":[{"@type":"SearchAction","target":{"@type":"EntryPoint","urlTemplate":"https:\/\/www.santoselizondo.com\/?s={search_term_string}"},"query-input":{"@type":"PropertyValueSpecification","valueRequired":true,"valueName":"search_term_string"}}],"inLanguage":"en-US"},{"@type":"Organization","@id":"https:\/\/www.santoselizondo.com\/#organization","name":"Santos | Elizondo","url":"https:\/\/www.santoselizondo.com\/","logo":{"@type":"ImageObject","inLanguage":"en-US","@id":"https:\/\/www.santoselizondo.com\/#\/schema\/logo\/image\/","url":"https:\/\/www.santoselizondo.com\/wp-content\/uploads\/2022\/06\/Logo_1.svg","contentUrl":"https:\/\/www.santoselizondo.com\/wp-content\/uploads\/2022\/06\/Logo_1.svg","width":356,"height":38.127,"caption":"Santos | Elizondo"},"image":{"@id":"https:\/\/www.santoselizondo.com\/#\/schema\/logo\/image\/"},"sameAs":["https:\/\/www.linkedin.com\/company\/santos-elizondo-cantu-rivera-gonzalez-de-la-garza-mendoza-s.c.\/"]},{"@type":"Person","@id":"https:\/\/www.santoselizondo.com\/#\/schema\/person\/90b1bf656e8eadf0d9431d93f0e43d10","name":"Carlos SE"}]}},"_links":{"self":[{"href":"https:\/\/www.santoselizondo.com\/en\/wp-json\/wp\/v2\/posts\/1036","targetHints":{"allow":["GET"]}}],"collection":[{"href":"https:\/\/www.santoselizondo.com\/en\/wp-json\/wp\/v2\/posts"}],"about":[{"href":"https:\/\/www.santoselizondo.com\/en\/wp-json\/wp\/v2\/types\/post"}],"author":[{"embeddable":true,"href":"https:\/\/www.santoselizondo.com\/en\/wp-json\/wp\/v2\/users\/7"}],"replies":[{"embeddable":true,"href":"https:\/\/www.santoselizondo.com\/en\/wp-json\/wp\/v2\/comments?post=1036"}],"version-history":[{"count":2,"href":"https:\/\/www.santoselizondo.com\/en\/wp-json\/wp\/v2\/posts\/1036\/revisions"}],"predecessor-version":[{"id":1038,"href":"https:\/\/www.santoselizondo.com\/en\/wp-json\/wp\/v2\/posts\/1036\/revisions\/1038"}],"wp:featuredmedia":[{"embeddable":true,"href":"https:\/\/www.santoselizondo.com\/en\/wp-json\/wp\/v2\/media\/412"}],"wp:attachment":[{"href":"https:\/\/www.santoselizondo.com\/en\/wp-json\/wp\/v2\/media?parent=1036"}],"wp:term":[{"taxonomy":"category","embeddable":true,"href":"https:\/\/www.santoselizondo.com\/en\/wp-json\/wp\/v2\/categories?post=1036"},{"taxonomy":"post_tag","embeddable":true,"href":"https:\/\/www.santoselizondo.com\/en\/wp-json\/wp\/v2\/tags?post=1036"}],"curies":[{"name":"wp","href":"https:\/\/api.w.org\/{rel}","templated":true}]}}