{"id":1027,"date":"2023-02-05T07:07:44","date_gmt":"2023-02-05T07:07:44","guid":{"rendered":"https:\/\/www.santoselizondo.com\/?p=1027"},"modified":"2023-02-05T07:08:10","modified_gmt":"2023-02-05T07:08:10","slug":"nuevas-restricciones-en-materia-de-tabaco","status":"publish","type":"post","link":"https:\/\/www.santoselizondo.com\/en\/nuevas-restricciones-en-materia-de-tabaco\/","title":{"rendered":"New tobacco restrictions"},"content":{"rendered":"<p>On December 16, 2022, the decree amending the Regulations of the General Law for Tobacco Control (the \"Decree\") was published in the Official Gazette of the Federation (\"DOF\"), which will become effective on January 15, 2023.\u00a0<\/p>\n\n\n\n<p>The purpose of such Decree is to establish the control and sanitary surveillance of tobacco products, through the establishment of new restrictions for the consumption, commercialization, promotion, and advertising of tobacco products, as well as the regulation for the protection against exposure to tobacco smoke and its emissions.\u00a0<\/p>\n\n\n\n<p>Companies dedicated to the commerce of tobacco products, as well as establishments such as restaurants, bars, places destined to lodging, among others, must comply with the new guidelines established in this Decree.<\/p>\n\n\n\n<p>Among the most relevant aspects, the following stand out:<\/p>\n\n\n\n<p class=\"translation-block\">\u2022    New prohibitions in general on tobacco advertising and promotion. \n\n\u2022    New rules and restrictions on the display of tobacco products at sale points.\n\n\u2022    Places where tobacco consumption is forbidden.\n\n\u2022    New rules for smoking areas for restaurants and businesses.<\/p>\n\n\n\n<p>You can consult the complete text\u00a0<a href=\"https:\/\/www.dof.gob.mx\/nota_detalle.php?codigo=5674791&amp;fecha=16\/12\/2022#gsc.tab=0\" target=\"_blank\" rel=\"noreferrer noopener\">here<\/a><\/p>\n\n\n\n<p class=\"translation-block\">Our partners in charge of advising you and our specialists in administrative matter (Jorge Rivera Trevi\u00f1o jrt@santoselizondo.com and Mario Alberto Zambrano Abrego, mza@santoselizondo.com) will be attentive to determine the challenges that this change represents for you as well as of the approach to face them in a timely and efficient manner.<\/p>","protected":false},"excerpt":{"rendered":"<p>El 16 de diciembre del 2022 se public\u00f3 en el Diario Oficial de la Federaci\u00f3n (\u201cDOF\u201d) el decreto que reforma el Reglamento de la Ley General para el Control del Tabaco (el \u201cDecreto\u201d), mismo que entrar\u00e1 en vigor el pr\u00f3ximo 15 de enero del 2023.\u00a0 Dicho Decreto tiene por objeto establecer el control y vigilancia [&hellip;]<\/p>","protected":false},"author":7,"featured_media":1028,"comment_status":"closed","ping_status":"closed","sticky":false,"template":"","format":"standard","meta":{"_acf_changed":false,"footnotes":""},"categories":[1],"tags":[14,12,13,11,10],"class_list":["post-1027","post","type-post","status-publish","format-standard","has-post-thumbnail","hentry","category-sin-categoria","tag-comercializacion","tag-prohibiciones","tag-promocion","tag-publicidad","tag-tabaco"],"acf":[],"yoast_head":"<!-- This site is optimized with the Yoast SEO plugin v24.8.1 - https:\/\/yoast.com\/wordpress\/plugins\/seo\/ -->\n<title>Nuevas restricciones en materia de tabaco - Santos | Elizondo<\/title>\n<meta name=\"description\" content=\"Dicho Decreto tiene por objeto establecer el control y vigilancia sanitaria de los productos de tabaco, mediante el establecimiento de nuevas restricciones tanto para el consumo como su comercializaci\u00f3n, promoci\u00f3n y publicidad del mismo, as\u00ed como la regulaci\u00f3n para la protecci\u00f3n contra la exposici\u00f3n al humo de tabaco y sus emisiones.\u00a0\" \/>\n<meta name=\"robots\" content=\"index, follow, max-snippet:-1, max-image-preview:large, max-video-preview:-1\" \/>\n<link rel=\"canonical\" href=\"https:\/\/www.santoselizondo.com\/en\/nuevas-restricciones-en-materia-de-tabaco\/\" \/>\n<meta property=\"og:locale\" content=\"en_US\" \/>\n<meta property=\"og:type\" content=\"article\" \/>\n<meta property=\"og:title\" content=\"Nuevas restricciones en materia de tabaco - Santos | Elizondo\" \/>\n<meta property=\"og:description\" content=\"Dicho Decreto tiene por objeto establecer el control y vigilancia sanitaria de los productos de tabaco, mediante el establecimiento de nuevas restricciones tanto para el consumo como su comercializaci\u00f3n, promoci\u00f3n y publicidad del mismo, as\u00ed como la regulaci\u00f3n para la protecci\u00f3n contra la exposici\u00f3n al humo de tabaco y sus emisiones.\u00a0\" \/>\n<meta property=\"og:url\" content=\"https:\/\/www.santoselizondo.com\/en\/nuevas-restricciones-en-materia-de-tabaco\/\" \/>\n<meta property=\"og:site_name\" content=\"Santos | Elizondo\" \/>\n<meta property=\"article:published_time\" content=\"2023-02-05T07:07:44+00:00\" \/>\n<meta property=\"article:modified_time\" content=\"2023-02-05T07:08:10+00:00\" \/>\n<meta property=\"og:image\" content=\"https:\/\/www.santoselizondo.com\/wp-content\/uploads\/2023\/02\/Cigarro.jpeg\" \/>\n\t<meta property=\"og:image:width\" content=\"1085\" \/>\n\t<meta property=\"og:image:height\" content=\"346\" \/>\n\t<meta property=\"og:image:type\" content=\"image\/jpeg\" \/>\n<meta name=\"author\" content=\"Carlos SE\" \/>\n<meta name=\"twitter:card\" content=\"summary_large_image\" \/>\n<meta name=\"twitter:label1\" content=\"Written by\" \/>\n\t<meta name=\"twitter:data1\" content=\"Carlos SE\" \/>\n\t<meta name=\"twitter:label2\" content=\"Est. reading time\" \/>\n\t<meta name=\"twitter:data2\" content=\"2 minutes\" \/>\n<script type=\"application\/ld+json\" class=\"yoast-schema-graph\">{\"@context\":\"https:\/\/schema.org\",\"@graph\":[{\"@type\":\"Article\",\"@id\":\"https:\/\/www.santoselizondo.com\/nuevas-restricciones-en-materia-de-tabaco\/#article\",\"isPartOf\":{\"@id\":\"https:\/\/www.santoselizondo.com\/nuevas-restricciones-en-materia-de-tabaco\/\"},\"author\":{\"name\":\"Carlos SE\",\"@id\":\"https:\/\/www.santoselizondo.com\/#\/schema\/person\/90b1bf656e8eadf0d9431d93f0e43d10\"},\"headline\":\"Nuevas restricciones en materia de tabaco\",\"datePublished\":\"2023-02-05T07:07:44+00:00\",\"dateModified\":\"2023-02-05T07:08:10+00:00\",\"mainEntityOfPage\":{\"@id\":\"https:\/\/www.santoselizondo.com\/nuevas-restricciones-en-materia-de-tabaco\/\"},\"wordCount\":267,\"publisher\":{\"@id\":\"https:\/\/www.santoselizondo.com\/#organization\"},\"image\":{\"@id\":\"https:\/\/www.santoselizondo.com\/nuevas-restricciones-en-materia-de-tabaco\/#primaryimage\"},\"thumbnailUrl\":\"https:\/\/www.santoselizondo.com\/wp-content\/uploads\/2023\/02\/Cigarro.jpeg\",\"keywords\":[\"comercializaci\u00f3n\",\"prohibiciones\",\"promoci\u00f3n\",\"publicidad\",\"Tabaco\"],\"articleSection\":[\"Sin categor\u00eda\"],\"inLanguage\":\"en-US\"},{\"@type\":\"WebPage\",\"@id\":\"https:\/\/www.santoselizondo.com\/nuevas-restricciones-en-materia-de-tabaco\/\",\"url\":\"https:\/\/www.santoselizondo.com\/nuevas-restricciones-en-materia-de-tabaco\/\",\"name\":\"Nuevas restricciones en materia de tabaco - Santos | Elizondo\",\"isPartOf\":{\"@id\":\"https:\/\/www.santoselizondo.com\/#website\"},\"primaryImageOfPage\":{\"@id\":\"https:\/\/www.santoselizondo.com\/nuevas-restricciones-en-materia-de-tabaco\/#primaryimage\"},\"image\":{\"@id\":\"https:\/\/www.santoselizondo.com\/nuevas-restricciones-en-materia-de-tabaco\/#primaryimage\"},\"thumbnailUrl\":\"https:\/\/www.santoselizondo.com\/wp-content\/uploads\/2023\/02\/Cigarro.jpeg\",\"datePublished\":\"2023-02-05T07:07:44+00:00\",\"dateModified\":\"2023-02-05T07:08:10+00:00\",\"description\":\"Dicho Decreto tiene por objeto establecer el control y vigilancia sanitaria de los productos de tabaco, mediante el establecimiento de nuevas restricciones tanto para el consumo como su comercializaci\u00f3n, promoci\u00f3n y publicidad del mismo, as\u00ed como la regulaci\u00f3n para la protecci\u00f3n contra la exposici\u00f3n al humo de tabaco y sus emisiones.\u00a0\",\"breadcrumb\":{\"@id\":\"https:\/\/www.santoselizondo.com\/nuevas-restricciones-en-materia-de-tabaco\/#breadcrumb\"},\"inLanguage\":\"en-US\",\"potentialAction\":[{\"@type\":\"ReadAction\",\"target\":[\"https:\/\/www.santoselizondo.com\/nuevas-restricciones-en-materia-de-tabaco\/\"]}]},{\"@type\":\"ImageObject\",\"inLanguage\":\"en-US\",\"@id\":\"https:\/\/www.santoselizondo.com\/nuevas-restricciones-en-materia-de-tabaco\/#primaryimage\",\"url\":\"https:\/\/www.santoselizondo.com\/wp-content\/uploads\/2023\/02\/Cigarro.jpeg\",\"contentUrl\":\"https:\/\/www.santoselizondo.com\/wp-content\/uploads\/2023\/02\/Cigarro.jpeg\",\"width\":1085,\"height\":346},{\"@type\":\"BreadcrumbList\",\"@id\":\"https:\/\/www.santoselizondo.com\/nuevas-restricciones-en-materia-de-tabaco\/#breadcrumb\",\"itemListElement\":[{\"@type\":\"ListItem\",\"position\":1,\"name\":\"Portada\",\"item\":\"https:\/\/www.santoselizondo.com\/\"},{\"@type\":\"ListItem\",\"position\":2,\"name\":\"Nuevas restricciones en materia de tabaco\"}]},{\"@type\":\"WebSite\",\"@id\":\"https:\/\/www.santoselizondo.com\/#website\",\"url\":\"https:\/\/www.santoselizondo.com\/\",\"name\":\"Santos | Elizondo\",\"description\":\"En Memoria de Luis Santos\",\"publisher\":{\"@id\":\"https:\/\/www.santoselizondo.com\/#organization\"},\"potentialAction\":[{\"@type\":\"SearchAction\",\"target\":{\"@type\":\"EntryPoint\",\"urlTemplate\":\"https:\/\/www.santoselizondo.com\/?s={search_term_string}\"},\"query-input\":{\"@type\":\"PropertyValueSpecification\",\"valueRequired\":true,\"valueName\":\"search_term_string\"}}],\"inLanguage\":\"en-US\"},{\"@type\":\"Organization\",\"@id\":\"https:\/\/www.santoselizondo.com\/#organization\",\"name\":\"Santos | Elizondo\",\"url\":\"https:\/\/www.santoselizondo.com\/\",\"logo\":{\"@type\":\"ImageObject\",\"inLanguage\":\"en-US\",\"@id\":\"https:\/\/www.santoselizondo.com\/#\/schema\/logo\/image\/\",\"url\":\"https:\/\/www.santoselizondo.com\/wp-content\/uploads\/2022\/06\/Logo_1.svg\",\"contentUrl\":\"https:\/\/www.santoselizondo.com\/wp-content\/uploads\/2022\/06\/Logo_1.svg\",\"width\":356,\"height\":38.127,\"caption\":\"Santos | Elizondo\"},\"image\":{\"@id\":\"https:\/\/www.santoselizondo.com\/#\/schema\/logo\/image\/\"},\"sameAs\":[\"https:\/\/www.linkedin.com\/company\/santos-elizondo-cantu-rivera-gonzalez-de-la-garza-mendoza-s.c.\/\"]},{\"@type\":\"Person\",\"@id\":\"https:\/\/www.santoselizondo.com\/#\/schema\/person\/90b1bf656e8eadf0d9431d93f0e43d10\",\"name\":\"Carlos SE\"}]}<\/script>\n<!-- \/ Yoast SEO plugin. -->","yoast_head_json":{"title":"Nuevas restricciones en materia de tabaco - Santos | Elizondo","description":"Dicho Decreto tiene por objeto establecer el control y vigilancia sanitaria de los productos de tabaco, mediante el establecimiento de nuevas restricciones tanto para el consumo como su comercializaci\u00f3n, promoci\u00f3n y publicidad del mismo, as\u00ed como la regulaci\u00f3n para la protecci\u00f3n contra la exposici\u00f3n al humo de tabaco y sus emisiones.\u00a0","robots":{"index":"index","follow":"follow","max-snippet":"max-snippet:-1","max-image-preview":"max-image-preview:large","max-video-preview":"max-video-preview:-1"},"canonical":"https:\/\/www.santoselizondo.com\/en\/nuevas-restricciones-en-materia-de-tabaco\/","og_locale":"en_US","og_type":"article","og_title":"Nuevas restricciones en materia de tabaco - Santos | Elizondo","og_description":"Dicho Decreto tiene por objeto establecer el control y vigilancia sanitaria de los productos de tabaco, mediante el establecimiento de nuevas restricciones tanto para el consumo como su comercializaci\u00f3n, promoci\u00f3n y publicidad del mismo, as\u00ed como la regulaci\u00f3n para la protecci\u00f3n contra la exposici\u00f3n al humo de tabaco y sus emisiones.\u00a0","og_url":"https:\/\/www.santoselizondo.com\/en\/nuevas-restricciones-en-materia-de-tabaco\/","og_site_name":"Santos | Elizondo","article_published_time":"2023-02-05T07:07:44+00:00","article_modified_time":"2023-02-05T07:08:10+00:00","og_image":[{"width":1085,"height":346,"url":"https:\/\/www.santoselizondo.com\/wp-content\/uploads\/2023\/02\/Cigarro.jpeg","type":"image\/jpeg"}],"author":"Carlos SE","twitter_card":"summary_large_image","twitter_misc":{"Written by":"Carlos SE","Est. reading time":"2 minutes"},"schema":{"@context":"https:\/\/schema.org","@graph":[{"@type":"Article","@id":"https:\/\/www.santoselizondo.com\/nuevas-restricciones-en-materia-de-tabaco\/#article","isPartOf":{"@id":"https:\/\/www.santoselizondo.com\/nuevas-restricciones-en-materia-de-tabaco\/"},"author":{"name":"Carlos SE","@id":"https:\/\/www.santoselizondo.com\/#\/schema\/person\/90b1bf656e8eadf0d9431d93f0e43d10"},"headline":"Nuevas restricciones en materia de tabaco","datePublished":"2023-02-05T07:07:44+00:00","dateModified":"2023-02-05T07:08:10+00:00","mainEntityOfPage":{"@id":"https:\/\/www.santoselizondo.com\/nuevas-restricciones-en-materia-de-tabaco\/"},"wordCount":267,"publisher":{"@id":"https:\/\/www.santoselizondo.com\/#organization"},"image":{"@id":"https:\/\/www.santoselizondo.com\/nuevas-restricciones-en-materia-de-tabaco\/#primaryimage"},"thumbnailUrl":"https:\/\/www.santoselizondo.com\/wp-content\/uploads\/2023\/02\/Cigarro.jpeg","keywords":["comercializaci\u00f3n","prohibiciones","promoci\u00f3n","publicidad","Tabaco"],"articleSection":["Sin categor\u00eda"],"inLanguage":"en-US"},{"@type":"WebPage","@id":"https:\/\/www.santoselizondo.com\/nuevas-restricciones-en-materia-de-tabaco\/","url":"https:\/\/www.santoselizondo.com\/nuevas-restricciones-en-materia-de-tabaco\/","name":"Nuevas restricciones en materia de tabaco - Santos | Elizondo","isPartOf":{"@id":"https:\/\/www.santoselizondo.com\/#website"},"primaryImageOfPage":{"@id":"https:\/\/www.santoselizondo.com\/nuevas-restricciones-en-materia-de-tabaco\/#primaryimage"},"image":{"@id":"https:\/\/www.santoselizondo.com\/nuevas-restricciones-en-materia-de-tabaco\/#primaryimage"},"thumbnailUrl":"https:\/\/www.santoselizondo.com\/wp-content\/uploads\/2023\/02\/Cigarro.jpeg","datePublished":"2023-02-05T07:07:44+00:00","dateModified":"2023-02-05T07:08:10+00:00","description":"Dicho Decreto tiene por objeto establecer el control y vigilancia sanitaria de los productos de tabaco, mediante el establecimiento de nuevas restricciones tanto para el consumo como su comercializaci\u00f3n, promoci\u00f3n y publicidad del mismo, as\u00ed como la regulaci\u00f3n para la protecci\u00f3n contra la exposici\u00f3n al humo de tabaco y sus emisiones.\u00a0","breadcrumb":{"@id":"https:\/\/www.santoselizondo.com\/nuevas-restricciones-en-materia-de-tabaco\/#breadcrumb"},"inLanguage":"en-US","potentialAction":[{"@type":"ReadAction","target":["https:\/\/www.santoselizondo.com\/nuevas-restricciones-en-materia-de-tabaco\/"]}]},{"@type":"ImageObject","inLanguage":"en-US","@id":"https:\/\/www.santoselizondo.com\/nuevas-restricciones-en-materia-de-tabaco\/#primaryimage","url":"https:\/\/www.santoselizondo.com\/wp-content\/uploads\/2023\/02\/Cigarro.jpeg","contentUrl":"https:\/\/www.santoselizondo.com\/wp-content\/uploads\/2023\/02\/Cigarro.jpeg","width":1085,"height":346},{"@type":"BreadcrumbList","@id":"https:\/\/www.santoselizondo.com\/nuevas-restricciones-en-materia-de-tabaco\/#breadcrumb","itemListElement":[{"@type":"ListItem","position":1,"name":"Portada","item":"https:\/\/www.santoselizondo.com\/"},{"@type":"ListItem","position":2,"name":"Nuevas restricciones en materia de tabaco"}]},{"@type":"WebSite","@id":"https:\/\/www.santoselizondo.com\/#website","url":"https:\/\/www.santoselizondo.com\/","name":"Santos | Elizondo","description":"En Memoria de Luis Santos","publisher":{"@id":"https:\/\/www.santoselizondo.com\/#organization"},"potentialAction":[{"@type":"SearchAction","target":{"@type":"EntryPoint","urlTemplate":"https:\/\/www.santoselizondo.com\/?s={search_term_string}"},"query-input":{"@type":"PropertyValueSpecification","valueRequired":true,"valueName":"search_term_string"}}],"inLanguage":"en-US"},{"@type":"Organization","@id":"https:\/\/www.santoselizondo.com\/#organization","name":"Santos | Elizondo","url":"https:\/\/www.santoselizondo.com\/","logo":{"@type":"ImageObject","inLanguage":"en-US","@id":"https:\/\/www.santoselizondo.com\/#\/schema\/logo\/image\/","url":"https:\/\/www.santoselizondo.com\/wp-content\/uploads\/2022\/06\/Logo_1.svg","contentUrl":"https:\/\/www.santoselizondo.com\/wp-content\/uploads\/2022\/06\/Logo_1.svg","width":356,"height":38.127,"caption":"Santos | Elizondo"},"image":{"@id":"https:\/\/www.santoselizondo.com\/#\/schema\/logo\/image\/"},"sameAs":["https:\/\/www.linkedin.com\/company\/santos-elizondo-cantu-rivera-gonzalez-de-la-garza-mendoza-s.c.\/"]},{"@type":"Person","@id":"https:\/\/www.santoselizondo.com\/#\/schema\/person\/90b1bf656e8eadf0d9431d93f0e43d10","name":"Carlos SE"}]}},"_links":{"self":[{"href":"https:\/\/www.santoselizondo.com\/en\/wp-json\/wp\/v2\/posts\/1027","targetHints":{"allow":["GET"]}}],"collection":[{"href":"https:\/\/www.santoselizondo.com\/en\/wp-json\/wp\/v2\/posts"}],"about":[{"href":"https:\/\/www.santoselizondo.com\/en\/wp-json\/wp\/v2\/types\/post"}],"author":[{"embeddable":true,"href":"https:\/\/www.santoselizondo.com\/en\/wp-json\/wp\/v2\/users\/7"}],"replies":[{"embeddable":true,"href":"https:\/\/www.santoselizondo.com\/en\/wp-json\/wp\/v2\/comments?post=1027"}],"version-history":[{"count":2,"href":"https:\/\/www.santoselizondo.com\/en\/wp-json\/wp\/v2\/posts\/1027\/revisions"}],"predecessor-version":[{"id":1030,"href":"https:\/\/www.santoselizondo.com\/en\/wp-json\/wp\/v2\/posts\/1027\/revisions\/1030"}],"wp:featuredmedia":[{"embeddable":true,"href":"https:\/\/www.santoselizondo.com\/en\/wp-json\/wp\/v2\/media\/1028"}],"wp:attachment":[{"href":"https:\/\/www.santoselizondo.com\/en\/wp-json\/wp\/v2\/media?parent=1027"}],"wp:term":[{"taxonomy":"category","embeddable":true,"href":"https:\/\/www.santoselizondo.com\/en\/wp-json\/wp\/v2\/categories?post=1027"},{"taxonomy":"post_tag","embeddable":true,"href":"https:\/\/www.santoselizondo.com\/en\/wp-json\/wp\/v2\/tags?post=1027"}],"curies":[{"name":"wp","href":"https:\/\/api.w.org\/{rel}","templated":true}]}}