{"id":1024,"date":"2023-02-05T06:49:55","date_gmt":"2023-02-05T06:49:55","guid":{"rendered":"https:\/\/www.santoselizondo.com\/?p=1024"},"modified":"2023-02-05T06:56:47","modified_gmt":"2023-02-05T06:56:47","slug":"prorroga-de-obligacion-de-emitir-cfdi-version-4-0","status":"publish","type":"post","link":"https:\/\/www.santoselizondo.com\/en\/prorroga-de-obligacion-de-emitir-cfdi-version-4-0\/","title":{"rendered":"Extension related to Obligation to issue CFDI Version 4.0"},"content":{"rendered":"<p>On June 8, 2022, it was published on the Tax Administration Service (\u201cSAT\u201d for its Spanish acronym) website, the first anticipated version of the Fifth Resolution of Amendments to the Miscellaneous Tax Resolution in force in fiscal year 2022 (\u201cRMF\u201d for its acronym in Spanish), which provides an extension for the compliance of certain obligations related to Tax Invoice matters (\u201cCFDI\u201d for its Spanish acronym).<\/p>\n\n\n\n<p><strong>Why is it relevant?<\/strong><\/p>\n\n\n\n<p>In general terms, taxpayers required to issue CDFIs are entitled to do so using version 3.3 until December 31, 2022, while version 4.0 shall be mandatory as of the following fiscal year.<\/p>\n\n\n\n<p>Likewise, taxpayers with the obligation to issue CFDIs related to withholding tax and payments, are entitled to do so with version 1.0 during the aforementioned period, while version 2.0 shall be mandatory as of January 1, 2023.<\/p>\n\n\n\n<p>The foregoing is applicable to complements and concept complements compatible with these versions.<\/p>\n\n\n\n<p>It is important to consider that benefits contained in the general rules that are published in advance in the SAT website shall be applicable as of the date of said publication, unless another date is expressly stated, in accordance with rule 1.8 of the RMF in force.<\/p>\n\n\n\n<p>The benefits contained herein are applicable as of June 9, 2022.<\/p>\n\n\n\n<p class=\"translation-block\">You can find the resolution on the following link:<\/p>\n\n\n\n<p class=\"translation-block\">Our partners in charge of advising you and our area specialists (Miguel Mu\u00f1oz P\u00e9rez, mmu@santoselizondo.com, David Daniel Berm\u00fadez Elizondo, dbe@santoselizondo.com y David Abraham Gonz\u00e1lez Alvarado, dga@santoselizondo.com) will be attentive to determine the challenges that this change represents for you as well as of the approach to face them in a timely and efficient manner.<\/p>","protected":false},"excerpt":{"rendered":"<p>El pasado 8 de junio de 2022, se public\u00f3 en el portal electr\u00f3nico del Servicio de Administraci\u00f3n Tributaria (\u201cSAT\u201d) la primera versi\u00f3n anticipada de la Quinta Resoluci\u00f3n de Modificaciones a la Resoluci\u00f3n Miscel\u00e1nea Fiscal (la \u201cRMF\u201d) para el ejercicio 2022, la cual establece una pr\u00f3rroga para el cumplimiento de obligaciones en materia de Comprobantes Fiscales [&hellip;]<\/p>","protected":false},"author":7,"featured_media":11,"comment_status":"closed","ping_status":"closed","sticky":false,"template":"","format":"standard","meta":{"_acf_changed":false,"footnotes":""},"categories":[1],"tags":[],"class_list":["post-1024","post","type-post","status-publish","format-standard","has-post-thumbnail","hentry","category-sin-categoria"],"acf":[],"yoast_head":"<!-- This site is optimized with the Yoast SEO plugin v24.8.1 - https:\/\/yoast.com\/wordpress\/plugins\/seo\/ -->\n<title>Pr\u00f3rroga de Obligaci\u00f3n de emitir CFDI Versi\u00f3n 4.0 - Santos | Elizondo<\/title>\n<meta name=\"robots\" content=\"index, follow, max-snippet:-1, max-image-preview:large, max-video-preview:-1\" \/>\n<link rel=\"canonical\" href=\"https:\/\/www.santoselizondo.com\/en\/prorroga-de-obligacion-de-emitir-cfdi-version-4-0\/\" \/>\n<meta property=\"og:locale\" content=\"en_US\" \/>\n<meta property=\"og:type\" content=\"article\" \/>\n<meta property=\"og:title\" content=\"Pr\u00f3rroga de Obligaci\u00f3n de emitir CFDI Versi\u00f3n 4.0 - Santos | Elizondo\" \/>\n<meta property=\"og:description\" content=\"El pasado 8 de junio de 2022, se public\u00f3 en el portal electr\u00f3nico del Servicio de Administraci\u00f3n Tributaria (\u201cSAT\u201d) la primera versi\u00f3n anticipada de la Quinta Resoluci\u00f3n de Modificaciones a la Resoluci\u00f3n Miscel\u00e1nea Fiscal (la \u201cRMF\u201d) para el ejercicio 2022, la cual establece una pr\u00f3rroga para el cumplimiento de obligaciones en materia de Comprobantes Fiscales [&hellip;]\" \/>\n<meta property=\"og:url\" content=\"https:\/\/www.santoselizondo.com\/en\/prorroga-de-obligacion-de-emitir-cfdi-version-4-0\/\" \/>\n<meta property=\"og:site_name\" content=\"Santos | Elizondo\" \/>\n<meta property=\"article:published_time\" content=\"2023-02-05T06:49:55+00:00\" \/>\n<meta property=\"article:modified_time\" content=\"2023-02-05T06:56:47+00:00\" \/>\n<meta property=\"og:image\" content=\"https:\/\/www.santoselizondo.com\/wp-content\/uploads\/2021\/12\/Captura-de-Pantalla-2021-08-19-a-las-2.50.11-p.-m..jpg\" \/>\n\t<meta property=\"og:image:width\" content=\"1366\" \/>\n\t<meta property=\"og:image:height\" content=\"558\" \/>\n\t<meta property=\"og:image:type\" content=\"image\/jpeg\" \/>\n<meta name=\"author\" content=\"Carlos SE\" \/>\n<meta name=\"twitter:card\" content=\"summary_large_image\" \/>\n<meta name=\"twitter:label1\" content=\"Written by\" \/>\n\t<meta name=\"twitter:data1\" content=\"Carlos SE\" \/>\n\t<meta name=\"twitter:label2\" content=\"Est. reading time\" \/>\n\t<meta name=\"twitter:data2\" content=\"2 minutes\" \/>\n<script type=\"application\/ld+json\" class=\"yoast-schema-graph\">{\"@context\":\"https:\/\/schema.org\",\"@graph\":[{\"@type\":\"Article\",\"@id\":\"https:\/\/www.santoselizondo.com\/prorroga-de-obligacion-de-emitir-cfdi-version-4-0\/#article\",\"isPartOf\":{\"@id\":\"https:\/\/www.santoselizondo.com\/prorroga-de-obligacion-de-emitir-cfdi-version-4-0\/\"},\"author\":{\"name\":\"Carlos SE\",\"@id\":\"https:\/\/www.santoselizondo.com\/#\/schema\/person\/90b1bf656e8eadf0d9431d93f0e43d10\"},\"headline\":\"Pr\u00f3rroga de Obligaci\u00f3n de emitir CFDI Versi\u00f3n 4.0\",\"datePublished\":\"2023-02-05T06:49:55+00:00\",\"dateModified\":\"2023-02-05T06:56:47+00:00\",\"mainEntityOfPage\":{\"@id\":\"https:\/\/www.santoselizondo.com\/prorroga-de-obligacion-de-emitir-cfdi-version-4-0\/\"},\"wordCount\":327,\"publisher\":{\"@id\":\"https:\/\/www.santoselizondo.com\/#organization\"},\"image\":{\"@id\":\"https:\/\/www.santoselizondo.com\/prorroga-de-obligacion-de-emitir-cfdi-version-4-0\/#primaryimage\"},\"thumbnailUrl\":\"https:\/\/www.santoselizondo.com\/wp-content\/uploads\/2021\/12\/Captura-de-Pantalla-2021-08-19-a-las-2.50.11-p.-m..jpg\",\"articleSection\":[\"Sin categor\u00eda\"],\"inLanguage\":\"en-US\"},{\"@type\":\"WebPage\",\"@id\":\"https:\/\/www.santoselizondo.com\/prorroga-de-obligacion-de-emitir-cfdi-version-4-0\/\",\"url\":\"https:\/\/www.santoselizondo.com\/prorroga-de-obligacion-de-emitir-cfdi-version-4-0\/\",\"name\":\"Pr\u00f3rroga de Obligaci\u00f3n de emitir CFDI Versi\u00f3n 4.0 - Santos | Elizondo\",\"isPartOf\":{\"@id\":\"https:\/\/www.santoselizondo.com\/#website\"},\"primaryImageOfPage\":{\"@id\":\"https:\/\/www.santoselizondo.com\/prorroga-de-obligacion-de-emitir-cfdi-version-4-0\/#primaryimage\"},\"image\":{\"@id\":\"https:\/\/www.santoselizondo.com\/prorroga-de-obligacion-de-emitir-cfdi-version-4-0\/#primaryimage\"},\"thumbnailUrl\":\"https:\/\/www.santoselizondo.com\/wp-content\/uploads\/2021\/12\/Captura-de-Pantalla-2021-08-19-a-las-2.50.11-p.-m..jpg\",\"datePublished\":\"2023-02-05T06:49:55+00:00\",\"dateModified\":\"2023-02-05T06:56:47+00:00\",\"breadcrumb\":{\"@id\":\"https:\/\/www.santoselizondo.com\/prorroga-de-obligacion-de-emitir-cfdi-version-4-0\/#breadcrumb\"},\"inLanguage\":\"en-US\",\"potentialAction\":[{\"@type\":\"ReadAction\",\"target\":[\"https:\/\/www.santoselizondo.com\/prorroga-de-obligacion-de-emitir-cfdi-version-4-0\/\"]}]},{\"@type\":\"ImageObject\",\"inLanguage\":\"en-US\",\"@id\":\"https:\/\/www.santoselizondo.com\/prorroga-de-obligacion-de-emitir-cfdi-version-4-0\/#primaryimage\",\"url\":\"https:\/\/www.santoselizondo.com\/wp-content\/uploads\/2021\/12\/Captura-de-Pantalla-2021-08-19-a-las-2.50.11-p.-m..jpg\",\"contentUrl\":\"https:\/\/www.santoselizondo.com\/wp-content\/uploads\/2021\/12\/Captura-de-Pantalla-2021-08-19-a-las-2.50.11-p.-m..jpg\",\"width\":1366,\"height\":558},{\"@type\":\"BreadcrumbList\",\"@id\":\"https:\/\/www.santoselizondo.com\/prorroga-de-obligacion-de-emitir-cfdi-version-4-0\/#breadcrumb\",\"itemListElement\":[{\"@type\":\"ListItem\",\"position\":1,\"name\":\"Portada\",\"item\":\"https:\/\/www.santoselizondo.com\/\"},{\"@type\":\"ListItem\",\"position\":2,\"name\":\"Pr\u00f3rroga de Obligaci\u00f3n de emitir CFDI Versi\u00f3n 4.0\"}]},{\"@type\":\"WebSite\",\"@id\":\"https:\/\/www.santoselizondo.com\/#website\",\"url\":\"https:\/\/www.santoselizondo.com\/\",\"name\":\"Santos | Elizondo\",\"description\":\"En Memoria de Luis Santos\",\"publisher\":{\"@id\":\"https:\/\/www.santoselizondo.com\/#organization\"},\"potentialAction\":[{\"@type\":\"SearchAction\",\"target\":{\"@type\":\"EntryPoint\",\"urlTemplate\":\"https:\/\/www.santoselizondo.com\/?s={search_term_string}\"},\"query-input\":{\"@type\":\"PropertyValueSpecification\",\"valueRequired\":true,\"valueName\":\"search_term_string\"}}],\"inLanguage\":\"en-US\"},{\"@type\":\"Organization\",\"@id\":\"https:\/\/www.santoselizondo.com\/#organization\",\"name\":\"Santos | Elizondo\",\"url\":\"https:\/\/www.santoselizondo.com\/\",\"logo\":{\"@type\":\"ImageObject\",\"inLanguage\":\"en-US\",\"@id\":\"https:\/\/www.santoselizondo.com\/#\/schema\/logo\/image\/\",\"url\":\"https:\/\/www.santoselizondo.com\/wp-content\/uploads\/2022\/06\/Logo_1.svg\",\"contentUrl\":\"https:\/\/www.santoselizondo.com\/wp-content\/uploads\/2022\/06\/Logo_1.svg\",\"width\":356,\"height\":38.127,\"caption\":\"Santos | Elizondo\"},\"image\":{\"@id\":\"https:\/\/www.santoselizondo.com\/#\/schema\/logo\/image\/\"},\"sameAs\":[\"https:\/\/www.linkedin.com\/company\/santos-elizondo-cantu-rivera-gonzalez-de-la-garza-mendoza-s.c.\/\"]},{\"@type\":\"Person\",\"@id\":\"https:\/\/www.santoselizondo.com\/#\/schema\/person\/90b1bf656e8eadf0d9431d93f0e43d10\",\"name\":\"Carlos SE\"}]}<\/script>\n<!-- \/ Yoast SEO plugin. -->","yoast_head_json":{"title":"Pr\u00f3rroga de Obligaci\u00f3n de emitir CFDI Versi\u00f3n 4.0 - Santos | Elizondo","robots":{"index":"index","follow":"follow","max-snippet":"max-snippet:-1","max-image-preview":"max-image-preview:large","max-video-preview":"max-video-preview:-1"},"canonical":"https:\/\/www.santoselizondo.com\/en\/prorroga-de-obligacion-de-emitir-cfdi-version-4-0\/","og_locale":"en_US","og_type":"article","og_title":"Pr\u00f3rroga de Obligaci\u00f3n de emitir CFDI Versi\u00f3n 4.0 - Santos | Elizondo","og_description":"El pasado 8 de junio de 2022, se public\u00f3 en el portal electr\u00f3nico del Servicio de Administraci\u00f3n Tributaria (\u201cSAT\u201d) la primera versi\u00f3n anticipada de la Quinta Resoluci\u00f3n de Modificaciones a la Resoluci\u00f3n Miscel\u00e1nea Fiscal (la \u201cRMF\u201d) para el ejercicio 2022, la cual establece una pr\u00f3rroga para el cumplimiento de obligaciones en materia de Comprobantes Fiscales [&hellip;]","og_url":"https:\/\/www.santoselizondo.com\/en\/prorroga-de-obligacion-de-emitir-cfdi-version-4-0\/","og_site_name":"Santos | Elizondo","article_published_time":"2023-02-05T06:49:55+00:00","article_modified_time":"2023-02-05T06:56:47+00:00","og_image":[{"width":1366,"height":558,"url":"https:\/\/www.santoselizondo.com\/wp-content\/uploads\/2021\/12\/Captura-de-Pantalla-2021-08-19-a-las-2.50.11-p.-m..jpg","type":"image\/jpeg"}],"author":"Carlos SE","twitter_card":"summary_large_image","twitter_misc":{"Written by":"Carlos SE","Est. reading time":"2 minutes"},"schema":{"@context":"https:\/\/schema.org","@graph":[{"@type":"Article","@id":"https:\/\/www.santoselizondo.com\/prorroga-de-obligacion-de-emitir-cfdi-version-4-0\/#article","isPartOf":{"@id":"https:\/\/www.santoselizondo.com\/prorroga-de-obligacion-de-emitir-cfdi-version-4-0\/"},"author":{"name":"Carlos SE","@id":"https:\/\/www.santoselizondo.com\/#\/schema\/person\/90b1bf656e8eadf0d9431d93f0e43d10"},"headline":"Pr\u00f3rroga de Obligaci\u00f3n de emitir CFDI Versi\u00f3n 4.0","datePublished":"2023-02-05T06:49:55+00:00","dateModified":"2023-02-05T06:56:47+00:00","mainEntityOfPage":{"@id":"https:\/\/www.santoselizondo.com\/prorroga-de-obligacion-de-emitir-cfdi-version-4-0\/"},"wordCount":327,"publisher":{"@id":"https:\/\/www.santoselizondo.com\/#organization"},"image":{"@id":"https:\/\/www.santoselizondo.com\/prorroga-de-obligacion-de-emitir-cfdi-version-4-0\/#primaryimage"},"thumbnailUrl":"https:\/\/www.santoselizondo.com\/wp-content\/uploads\/2021\/12\/Captura-de-Pantalla-2021-08-19-a-las-2.50.11-p.-m..jpg","articleSection":["Sin categor\u00eda"],"inLanguage":"en-US"},{"@type":"WebPage","@id":"https:\/\/www.santoselizondo.com\/prorroga-de-obligacion-de-emitir-cfdi-version-4-0\/","url":"https:\/\/www.santoselizondo.com\/prorroga-de-obligacion-de-emitir-cfdi-version-4-0\/","name":"Pr\u00f3rroga de Obligaci\u00f3n de emitir CFDI Versi\u00f3n 4.0 - Santos | Elizondo","isPartOf":{"@id":"https:\/\/www.santoselizondo.com\/#website"},"primaryImageOfPage":{"@id":"https:\/\/www.santoselizondo.com\/prorroga-de-obligacion-de-emitir-cfdi-version-4-0\/#primaryimage"},"image":{"@id":"https:\/\/www.santoselizondo.com\/prorroga-de-obligacion-de-emitir-cfdi-version-4-0\/#primaryimage"},"thumbnailUrl":"https:\/\/www.santoselizondo.com\/wp-content\/uploads\/2021\/12\/Captura-de-Pantalla-2021-08-19-a-las-2.50.11-p.-m..jpg","datePublished":"2023-02-05T06:49:55+00:00","dateModified":"2023-02-05T06:56:47+00:00","breadcrumb":{"@id":"https:\/\/www.santoselizondo.com\/prorroga-de-obligacion-de-emitir-cfdi-version-4-0\/#breadcrumb"},"inLanguage":"en-US","potentialAction":[{"@type":"ReadAction","target":["https:\/\/www.santoselizondo.com\/prorroga-de-obligacion-de-emitir-cfdi-version-4-0\/"]}]},{"@type":"ImageObject","inLanguage":"en-US","@id":"https:\/\/www.santoselizondo.com\/prorroga-de-obligacion-de-emitir-cfdi-version-4-0\/#primaryimage","url":"https:\/\/www.santoselizondo.com\/wp-content\/uploads\/2021\/12\/Captura-de-Pantalla-2021-08-19-a-las-2.50.11-p.-m..jpg","contentUrl":"https:\/\/www.santoselizondo.com\/wp-content\/uploads\/2021\/12\/Captura-de-Pantalla-2021-08-19-a-las-2.50.11-p.-m..jpg","width":1366,"height":558},{"@type":"BreadcrumbList","@id":"https:\/\/www.santoselizondo.com\/prorroga-de-obligacion-de-emitir-cfdi-version-4-0\/#breadcrumb","itemListElement":[{"@type":"ListItem","position":1,"name":"Portada","item":"https:\/\/www.santoselizondo.com\/"},{"@type":"ListItem","position":2,"name":"Pr\u00f3rroga de Obligaci\u00f3n de emitir CFDI Versi\u00f3n 4.0"}]},{"@type":"WebSite","@id":"https:\/\/www.santoselizondo.com\/#website","url":"https:\/\/www.santoselizondo.com\/","name":"Santos | Elizondo","description":"En Memoria de Luis Santos","publisher":{"@id":"https:\/\/www.santoselizondo.com\/#organization"},"potentialAction":[{"@type":"SearchAction","target":{"@type":"EntryPoint","urlTemplate":"https:\/\/www.santoselizondo.com\/?s={search_term_string}"},"query-input":{"@type":"PropertyValueSpecification","valueRequired":true,"valueName":"search_term_string"}}],"inLanguage":"en-US"},{"@type":"Organization","@id":"https:\/\/www.santoselizondo.com\/#organization","name":"Santos | Elizondo","url":"https:\/\/www.santoselizondo.com\/","logo":{"@type":"ImageObject","inLanguage":"en-US","@id":"https:\/\/www.santoselizondo.com\/#\/schema\/logo\/image\/","url":"https:\/\/www.santoselizondo.com\/wp-content\/uploads\/2022\/06\/Logo_1.svg","contentUrl":"https:\/\/www.santoselizondo.com\/wp-content\/uploads\/2022\/06\/Logo_1.svg","width":356,"height":38.127,"caption":"Santos | Elizondo"},"image":{"@id":"https:\/\/www.santoselizondo.com\/#\/schema\/logo\/image\/"},"sameAs":["https:\/\/www.linkedin.com\/company\/santos-elizondo-cantu-rivera-gonzalez-de-la-garza-mendoza-s.c.\/"]},{"@type":"Person","@id":"https:\/\/www.santoselizondo.com\/#\/schema\/person\/90b1bf656e8eadf0d9431d93f0e43d10","name":"Carlos SE"}]}},"_links":{"self":[{"href":"https:\/\/www.santoselizondo.com\/en\/wp-json\/wp\/v2\/posts\/1024","targetHints":{"allow":["GET"]}}],"collection":[{"href":"https:\/\/www.santoselizondo.com\/en\/wp-json\/wp\/v2\/posts"}],"about":[{"href":"https:\/\/www.santoselizondo.com\/en\/wp-json\/wp\/v2\/types\/post"}],"author":[{"embeddable":true,"href":"https:\/\/www.santoselizondo.com\/en\/wp-json\/wp\/v2\/users\/7"}],"replies":[{"embeddable":true,"href":"https:\/\/www.santoselizondo.com\/en\/wp-json\/wp\/v2\/comments?post=1024"}],"version-history":[{"count":2,"href":"https:\/\/www.santoselizondo.com\/en\/wp-json\/wp\/v2\/posts\/1024\/revisions"}],"predecessor-version":[{"id":1026,"href":"https:\/\/www.santoselizondo.com\/en\/wp-json\/wp\/v2\/posts\/1024\/revisions\/1026"}],"wp:featuredmedia":[{"embeddable":true,"href":"https:\/\/www.santoselizondo.com\/en\/wp-json\/wp\/v2\/media\/11"}],"wp:attachment":[{"href":"https:\/\/www.santoselizondo.com\/en\/wp-json\/wp\/v2\/media?parent=1024"}],"wp:term":[{"taxonomy":"category","embeddable":true,"href":"https:\/\/www.santoselizondo.com\/en\/wp-json\/wp\/v2\/categories?post=1024"},{"taxonomy":"post_tag","embeddable":true,"href":"https:\/\/www.santoselizondo.com\/en\/wp-json\/wp\/v2\/tags?post=1024"}],"curies":[{"name":"wp","href":"https:\/\/api.w.org\/{rel}","templated":true}]}}